{"id":2542,"date":"2026-02-14T08:39:09","date_gmt":"2026-02-14T07:39:09","guid":{"rendered":"https:\/\/www.perl-asso22.fr\/?p=2542"},"modified":"2026-03-12T12:29:25","modified_gmt":"2026-03-12T11:29:25","slug":"conseils-de-classe-2eme-trimestre","status":"publish","type":"post","link":"https:\/\/www.perl-asso22.fr\/?p=2542","title":{"rendered":"CONSEILS DE CLASSE 2\u00e8me TRIMESTRE"},"content":{"rendered":"<h2 style=\"text-align: center;\"><span style=\"color: #d28a42;\">CONSEILS DE CLASSE 2\u00e8me TRIMESTRE<\/span><\/h2>\n<hr class=\"wp-block-separator has-alpha-channel-opacity\" \/>\n<p class=\"has-text-align-left has-large-font-size\" style=\"text-decoration: none; text-align: left;\">Retrouvez les dates des conseils de classe du 2\u00e8me trimestre des diff\u00e9rents \u00e9tablissements.<\/p>\n<p class=\"has-text-align-left has-large-font-size\" style=\"text-decoration: none; text-align: center;\">Lyc\u00e9e F\u00e9lix Le Dantec (MAJ le 11\/03\/2026) : <a href=\"https:\/\/www.perl-asso22.fr\/wp-content\/uploads\/2026\/03\/Calendrier-CC-T2-Lycee-V12022026.pdf\" target=\"_blank\" rel=\"noopener\"><span style=\"color: #ff6600;\"><strong><span style=\"color: #ff9900;\">ICI<\/span><\/strong><\/span><\/a><\/p>\n<p class=\"has-text-align-left has-large-font-size\" style=\"text-decoration: none; text-align: center;\">Coll\u00e8ge Yves Coppens (MAJ le 13\/02\/2026) : <span style=\"color: #ff9900;\"><strong><a style=\"color: #ff9900;\" href=\"https:\/\/www.perl-asso22.fr\/wp-content\/uploads\/2026\/02\/Calendrier-CC-T2-Coppens.pdf\" target=\"_blank\" rel=\"noopener\">ICI<\/a><\/strong><\/span><\/p>\n<p class=\"has-text-align-left has-large-font-size\" style=\"text-decoration: none; text-align: center;\">Coll\u00e8ge Charles Le Goffic :<\/p>\n<p class=\"has-text-align-left has-large-font-size\" style=\"text-decoration: none; text-align: center;\">Coll\u00e8ge Les Sept Iles :<\/p>\n\n\n<p><\/p>\n","protected":false},"excerpt":{"rendered":"<p>CONSEILS DE CLASSE 2\u00e8me TRIMESTRE Retrouvez les dates des conseils de classe du 2\u00e8me trimestre des diff\u00e9rents \u00e9tablissements. Lyc\u00e9e F\u00e9lix &hellip; <\/p>\n<p><a class=\"more-link btn\" href=\"https:\/\/www.perl-asso22.fr\/?p=2542\">Lire la suite<\/a><\/p>\n","protected":false},"author":1,"featured_media":0,"comment_status":"closed","ping_status":"closed","sticky":false,"template":"","format":"standard","meta":{"iawp_total_views":4,"footnotes":""},"categories":[1],"tags":[],"class_list":["post-2542","post","type-post","status-publish","format-standard","hentry","category-non-classe","item-wrap"],"_links":{"self":[{"href":"https:\/\/www.perl-asso22.fr\/index.php?rest_route=\/wp\/v2\/posts\/2542","targetHints":{"allow":["GET"]}}],"collection":[{"href":"https:\/\/www.perl-asso22.fr\/index.php?rest_route=\/wp\/v2\/posts"}],"about":[{"href":"https:\/\/www.perl-asso22.fr\/index.php?rest_route=\/wp\/v2\/types\/post"}],"author":[{"embeddable":true,"href":"https:\/\/www.perl-asso22.fr\/index.php?rest_route=\/wp\/v2\/users\/1"}],"replies":[{"embeddable":true,"href":"https:\/\/www.perl-asso22.fr\/index.php?rest_route=%2Fwp%2Fv2%2Fcomments&post=2542"}],"version-history":[{"count":15,"href":"https:\/\/www.perl-asso22.fr\/index.php?rest_route=\/wp\/v2\/posts\/2542\/revisions"}],"predecessor-version":[{"id":2568,"href":"https:\/\/www.perl-asso22.fr\/index.php?rest_route=\/wp\/v2\/posts\/2542\/revisions\/2568"}],"wp:attachment":[{"href":"https:\/\/www.perl-asso22.fr\/index.php?rest_route=%2Fwp%2Fv2%2Fmedia&parent=2542"}],"wp:term":[{"taxonomy":"category","embeddable":true,"href":"https:\/\/www.perl-asso22.fr\/index.php?rest_route=%2Fwp%2Fv2%2Fcategories&post=2542"},{"taxonomy":"post_tag","embeddable":true,"href":"https:\/\/www.perl-asso22.fr\/index.php?rest_route=%2Fwp%2Fv2%2Ftags&post=2542"}],"curies":[{"name":"wp","href":"https:\/\/api.w.org\/{rel}","templated":true}]}}