{"id":2502,"date":"2026-02-13T05:01:45","date_gmt":"2026-02-13T04:01:45","guid":{"rendered":"https:\/\/www.perl-asso22.fr\/?p=2502"},"modified":"2026-02-14T08:51:15","modified_gmt":"2026-02-14T07:51:15","slug":"defi-teams","status":"publish","type":"post","link":"https:\/\/www.perl-asso22.fr\/?p=2502","title":{"rendered":"D\u00c9FIS TEAM : Samedi 7 mars 2026"},"content":{"rendered":"<h2 style=\"text-align: center;\"><span style=\"color: #d28a42;\">D\u00c9FIS TEAM : Samedi 7 mars 2026<\/span><\/h2>\n<hr class=\"wp-block-separator has-alpha-channel-opacity\" \/>\n<p class=\"has-text-align-left has-large-font-size\" style=\"text-decoration: none;\">Le service jeunesse de Lannion organise un \u00e9v\u00e8nement dans le cade du Printemps des familles.<\/p>\n<p class=\"has-text-align-left has-large-font-size\" style=\"text-decoration: none;\"><strong>Le samedi 7 mars 2026 \u00e0 partir de 14h00<\/strong>, le coll\u00e8ge Charles Le Goffic de Lannion ouvrira exceptionnellement ses portes aux familles, invit\u00e9es \u00e0 venir accompagn\u00e9es de leurs adolescents pour participer \u00e0 diff\u00e9rents ateliers, notamment les \u00ab\u00a0ateliers d\u00e9fis\u00a0\u00bb favorisant les \u00e9changes entre parents et ados.<\/p>\n<p class=\"has-text-align-left has-large-font-size\" style=\"text-decoration: none;\"><img loading=\"lazy\" decoding=\"async\" class=\"aligncenter wp-image-2505 size-large\" src=\"https:\/\/www.perl-asso22.fr\/wp-content\/uploads\/2026\/02\/Affiche-Defis-Team-724x1024.jpg\" alt=\"\" width=\"724\" height=\"1024\" srcset=\"https:\/\/www.perl-asso22.fr\/wp-content\/uploads\/2026\/02\/Affiche-Defis-Team-724x1024.jpg 724w, https:\/\/www.perl-asso22.fr\/wp-content\/uploads\/2026\/02\/Affiche-Defis-Team-212x300.jpg 212w, https:\/\/www.perl-asso22.fr\/wp-content\/uploads\/2026\/02\/Affiche-Defis-Team-768x1086.jpg 768w, https:\/\/www.perl-asso22.fr\/wp-content\/uploads\/2026\/02\/Affiche-Defis-Team-1086x1536.jpg 1086w, https:\/\/www.perl-asso22.fr\/wp-content\/uploads\/2026\/02\/Affiche-Defis-Team-1448x2048.jpg 1448w, https:\/\/www.perl-asso22.fr\/wp-content\/uploads\/2026\/02\/Affiche-Defis-Team.jpg 1587w\" sizes=\"auto, (max-width: 724px) 100vw, 724px\" \/><\/p>\n","protected":false},"excerpt":{"rendered":"<p>D\u00c9FIS TEAM : Samedi 7 mars 2026 Le service jeunesse de Lannion organise un \u00e9v\u00e8nement dans le cade du Printemps &hellip; <\/p>\n<p><a class=\"more-link btn\" href=\"https:\/\/www.perl-asso22.fr\/?p=2502\">Lire la suite<\/a><\/p>\n","protected":false},"author":1,"featured_media":0,"comment_status":"closed","ping_status":"closed","sticky":false,"template":"","format":"standard","meta":{"iawp_total_views":11,"footnotes":""},"categories":[1],"tags":[],"class_list":["post-2502","post","type-post","status-publish","format-standard","hentry","category-non-classe","item-wrap"],"_links":{"self":[{"href":"https:\/\/www.perl-asso22.fr\/index.php?rest_route=\/wp\/v2\/posts\/2502","targetHints":{"allow":["GET"]}}],"collection":[{"href":"https:\/\/www.perl-asso22.fr\/index.php?rest_route=\/wp\/v2\/posts"}],"about":[{"href":"https:\/\/www.perl-asso22.fr\/index.php?rest_route=\/wp\/v2\/types\/post"}],"author":[{"embeddable":true,"href":"https:\/\/www.perl-asso22.fr\/index.php?rest_route=\/wp\/v2\/users\/1"}],"replies":[{"embeddable":true,"href":"https:\/\/www.perl-asso22.fr\/index.php?rest_route=%2Fwp%2Fv2%2Fcomments&post=2502"}],"version-history":[{"count":6,"href":"https:\/\/www.perl-asso22.fr\/index.php?rest_route=\/wp\/v2\/posts\/2502\/revisions"}],"predecessor-version":[{"id":2561,"href":"https:\/\/www.perl-asso22.fr\/index.php?rest_route=\/wp\/v2\/posts\/2502\/revisions\/2561"}],"wp:attachment":[{"href":"https:\/\/www.perl-asso22.fr\/index.php?rest_route=%2Fwp%2Fv2%2Fmedia&parent=2502"}],"wp:term":[{"taxonomy":"category","embeddable":true,"href":"https:\/\/www.perl-asso22.fr\/index.php?rest_route=%2Fwp%2Fv2%2Fcategories&post=2502"},{"taxonomy":"post_tag","embeddable":true,"href":"https:\/\/www.perl-asso22.fr\/index.php?rest_route=%2Fwp%2Fv2%2Ftags&post=2502"}],"curies":[{"name":"wp","href":"https:\/\/api.w.org\/{rel}","templated":true}]}}